{"id":9274,"global_id":"vnb.lt\/en?id=9274","global_id_lineage":["vnb.lt\/en?id=9274"],"author":"30","status":"publish","date":"2025-07-07 15:41:41","date_utc":"2025-07-07 12:41:41","modified":"2025-07-07 15:41:41","modified_utc":"2025-07-07 12:41:41","url":"https:\/\/vnb.lt\/en\/renginys\/dziazas-po-atviru-dangumi-jazz-duo-greta-ratovic-vokalas-edgar-sabilo-pianinas\/","rest_url":"https:\/\/vnb.lt\/en\/wp-json\/tribe\/events\/v1\/events\/9274","title":"\u2022 D\u017eiazas po atviru dangumi \u2022 JAZZ DUO \u2022 Greta Ratovi\u010d (vokalas), Edgar Sabilo (pianinas)","description":"<p>\u2022 VERANDA \u2013 20 met\u0173 gero skonio ir d\u017eiazo! \u2022<br \/>\nJei d\u017eiazas, tai tik gyvas!<br \/>\nJau 20 met\u0173 \u017ealiuojan\u010diame \u017dv\u0117ryne laukiame vis\u0173, gyvenime pasiilgusi\u0173 d\u017eiazo arba gyvenan\u010di\u0173 d\u017eiazo ritmu.<\/p>\n<p>Svetain\u0117je-bare \u201eVeranda\u201c gyvai d\u017eiazuojame kiekvien\u0105 penktadien\u012f ir \u0161e\u0161tadien\u012f nuo 20:00 iki 22:00 val.<\/p>\n<p>JAZZ DUO<br \/>\nGreta Ratovi\u010d \u2013 vokalas<br \/>\nEdgar Sabilo \u2013 pianinas<\/p>\n<p>Greta Ratovi\u010d \u2013 d\u017eiazo vokalist\u0117, \u0161velnaus balso tembro savinink\u0117 bei unikali\u0173 balso<br \/>\ninterpretacij\u0173, toki\u0173 kaip meistri\u0161kas instrument\u0173 m\u0117gd\u017eiojimas, k\u016br\u0117ja. Atlieka tiek<br \/>\nklasikinius d\u017eiazo standartus, tiek savo aran\u017euotes. \u0160iuo metu studijuoja Lietuvos muzikos ir<br \/>\nteatro akademijoje, kur gilina d\u017eiazo muzikos \u017einias.<br \/>\nGreta yra ilgamet\u0117 vokalin\u0117s grup\u0117s \u201cJazz Island\u201d nar\u0117. Su grupe dalyvavo \u012fvairiuose d\u017eiazo festivaliuose: \u201cKaunas Jazz\u201d, \u201cBir\u0161tonas Jazz\u201d, \u201cReinhof Jazz\u201d, \u201cPa\u017eaislis\u201d. Grup\u0117 yra i\u0161leidusi du albumus \u201c14 bals\u0173\u201d ir \u201cPasak\u0173 mal\u016bnai\u201d; Dalyvavo televizijos projektuose \u201cChor\u0173 karai\u201d, \u201cVario audra\u201d; Konkursuose Lietuvoje bei u\u017esienyje yra laim\u0117j\u0119 auk\u0161\u010diausius prizus, o 2015 m. Lietuvos valstyb\u0117 grup\u0117s narius apdovanojo \u201cJaunojo atlik\u0117jo\u201d premija.<\/p>\n<p>Edgar Sabilo &#8211; profesionalus d\u017eiazo pianistas muzikuojantis jau 19 met\u0173.<br \/>\nEdgar prad\u0117jo mokytis muzikos Balio Dvariono muzikos mokykloje.<br \/>\nStudijas t\u0119s\u0117 Lietuvos muzikos ir teatro akademijoje, patirties s\u0117m\u0117si \u012fvairiuose tarptautin\u0117se sta\u017euot\u0117se, tame tarpe ir Olandijoje, Groningeno muzikos akademijoje.<br \/>\nPianistas bendradarbiauja su \u017einomais Lietuvos d\u017eiazo muzikantais bei dalyvauja tarptautiniuose projektuose. <\/p>\n<p>Rekomenduojame staliukus rezervuoti i\u0161 anksto:<br \/>\n&#8211; stalelio rezervacija 1-4 sve\u010diams &#8211; veranda.tablein.com<br \/>\n&#8211; rezervacijos iki 6 sve\u010di\u0173 +370 5 2730107<br \/>\n&#8211; rezervacij\u0173 nuo 7 sve\u010di\u0173 derinimas &#8211; rezervacija@veranda.lt<\/p>\n<p>VERANDA \u2013 20 met\u0173 gero skonio ir d\u017eiazo!<\/p>\n<p>&#8212;&#8212;&#8212;&#8211;<br \/>\nDainyklos &#8220;D\u017eiazuojantis \u017dv\u0117rynas&#8221; projekt\u0105 i\u0161 dalies finansuoja Vilniaus miesto savivaldyb\u0117\u201c<\/p>","excerpt":"","slug":"dziazas-po-atviru-dangumi-jazz-duo-greta-ratovic-vokalas-edgar-sabilo-pianinas","image":{"url":"https:\/\/vnb.lt\/wp-content\/uploads\/2025\/07\/07.04.jpg","id":9276,"extension":"jpg","width":1368,"height":828,"filesize":166724,"sizes":{"medium":{"width":300,"height":182,"mime-type":"image\/jpeg","filesize":6853,"url":"https:\/\/vnb.lt\/wp-content\/uploads\/2025\/07\/07.04-300x182.jpg"},"large":{"width":1024,"height":620,"mime-type":"image\/jpeg","filesize":52796,"url":"https:\/\/vnb.lt\/wp-content\/uploads\/2025\/07\/07.04-1024x620.jpg"},"thumbnail":{"width":150,"height":150,"mime-type":"image\/jpeg","filesize":5039,"url":"https:\/\/vnb.lt\/wp-content\/uploads\/2025\/07\/07.04-150x150.jpg"},"medium_large":{"width":768,"height":465,"mime-type":"image\/jpeg","filesize":32510,"url":"https:\/\/vnb.lt\/wp-content\/uploads\/2025\/07\/07.04-768x465.jpg"},"trp-custom-language-flag":{"width":18,"height":12,"mime-type":"image\/jpeg","filesize":415,"url":"https:\/\/vnb.lt\/wp-content\/uploads\/2025\/07\/07.04-18x12.jpg"}}},"all_day":false,"start_date":"2025-07-04 20:00:00","start_date_details":{"year":"2025","month":"07","day":"04","hour":"20","minutes":"00","seconds":"00"},"end_date":"2025-07-04 22:00:00","end_date_details":{"year":"2025","month":"07","day":"04","hour":"22","minutes":"00","seconds":"00"},"utc_start_date":"2025-07-04 17:00:00","utc_start_date_details":{"year":"2025","month":"07","day":"04","hour":"17","minutes":"00","seconds":"00"},"utc_end_date":"2025-07-04 19:00:00","utc_end_date_details":{"year":"2025","month":"07","day":"04","hour":"19","minutes":"00","seconds":"00"},"timezone":"Europe\/Vilnius","timezone_abbr":"EEST","cost":"","cost_details":{"currency_symbol":"","currency_code":"","currency_position":"","values":[]},"website":"https:\/\/vnb.lt\/en\/renginys\/dziazas-po-atviru-dangumi-jazz-duo-greta-ratovic-vokalas-edgar-sabilo-pianinas\/","show_map":true,"show_map_link":true,"hide_from_listings":false,"sticky":false,"featured":false,"categories":[{"name":"Muzika","slug":"muzika","term_group":0,"term_taxonomy_id":84,"taxonomy":"tribe_events_cat","description":"","parent":0,"count":817,"filter":"raw","term_order":"1","id":84,"urls":{"self":"https:\/\/vnb.lt\/en\/wp-json\/tribe\/events\/v1\/categories\/84","collection":"https:\/\/vnb.lt\/en\/wp-json\/tribe\/events\/v1\/categories"}}],"tags":[],"venue":{"id":5628,"author":"30","status":"publish","date":"2025-04-03 15:30:50","date_utc":"2025-04-03 12:30:50","modified":"2026-03-25 15:26:58","modified_utc":"2026-03-25 13:26:58","url":"https:\/\/vnb.lt\/en\/dainykla\/svetaines-baro-veranda-dziazuojantis-zverynas\/","venue":"VERANDA","description":"<p>Jei d\u017eiazas, tai tik gyvas!<br \/>\nGyvai d\u017eiazuojame kiekvien\u0105 antradien\u012f, penktadien\u012f ir \u0161e\u0161tadien\u012f jau nuo 2005 m.<br \/>\nSavaitgaliais laukiame vis\u0173, gyvenime pasiilgusi\u0173 d\u017eiazo, arba gyvenan\u010di\u0173 d\u017eiazo ritmu.<br \/>\nVERANDA. 20 met\u0173 gero skonio ir gyvo d\u017eiazo!<\/p>","slug":"svetaines-baro-veranda-dziazuojantis-zverynas","image":{"url":"https:\/\/vnb.lt\/wp-content\/uploads\/2025\/11\/Veranda_dainykla-scaled.jpg","id":18885,"extension":"jpg","width":2560,"height":1327,"filesize":410813,"sizes":{"medium":{"width":300,"height":155,"mime-type":"image\/jpeg","filesize":27421,"url":"https:\/\/vnb.lt\/wp-content\/uploads\/2025\/11\/Veranda_dainykla-300x155.jpg"},"large":{"width":1024,"height":531,"mime-type":"image\/jpeg","filesize":110541,"url":"https:\/\/vnb.lt\/wp-content\/uploads\/2025\/11\/Veranda_dainykla-1024x531.jpg"},"thumbnail":{"width":150,"height":150,"mime-type":"image\/jpeg","filesize":20704,"url":"https:\/\/vnb.lt\/wp-content\/uploads\/2025\/11\/Veranda_dainykla-150x150.jpg"},"medium_large":{"width":768,"height":398,"mime-type":"image\/jpeg","filesize":75716,"url":"https:\/\/vnb.lt\/wp-content\/uploads\/2025\/11\/Veranda_dainykla-768x398.jpg"},"1536x1536":{"width":1536,"height":796,"mime-type":"image\/jpeg","filesize":193316,"url":"https:\/\/vnb.lt\/wp-content\/uploads\/2025\/11\/Veranda_dainykla-1536x796.jpg"},"2048x2048":{"width":2048,"height":1061,"mime-type":"image\/jpeg","filesize":292244,"url":"https:\/\/vnb.lt\/wp-content\/uploads\/2025\/11\/Veranda_dainykla-2048x1061.jpg"},"trp-custom-language-flag":{"width":18,"height":9,"mime-type":"image\/jpeg","filesize":13424,"url":"https:\/\/vnb.lt\/wp-content\/uploads\/2025\/11\/Veranda_dainykla-18x9.jpg"}},"original_image":"Veranda_dainykla.jpg"},"address":"K\u0119stu\u010dio g. 39","city":"Vilnius","country":"Lietuva","phone":"+370 5 2730107","geo_lat":54.693862,"geo_lng":25.2510404,"json_ld":{"@type":"Place","name":"VERANDA","description":"&lt;p&gt;Jei d\u017eiazas, tai tik gyvas! Gyvai d\u017eiazuojame kiekvien\u0105 antradien\u012f, penktadien\u012f ir \u0161e\u0161tadien\u012f jau nuo 2005 m. Savaitgaliais laukiame vis\u0173, gyvenime pasiilgusi\u0173 d\u017eiazo, arba gyvenan\u010di\u0173 d\u017eiazo ritmu. VERANDA. 20 met\u0173 gero [&hellip;]&lt;\/p&gt;\\n","image":"https:\/\/vnb.lt\/wp-content\/uploads\/2025\/11\/Veranda_dainykla-scaled.jpg","url":"https:\/\/vnb.lt\/en\/dainykla\/svetaines-baro-veranda-dziazuojantis-zverynas\/","address":{"@type":"PostalAddress","streetAddress":"K\u0119stu\u010dio g. 39","addressLocality":"Vilnius","addressCountry":"Lietuva"},"geo":{"@type":"GeoCoordinates","latitude":54.693862,"longitude":25.2510404},"telephone":"+370 5 2730107","sameAs":""},"show_map":true,"show_map_link":true,"global_id":"vnb.lt\/en?id=5628","global_id_lineage":["vnb.lt\/en?id=5628"]},"organizer":[{"id":5612,"author":"30","status":"publish","date":"2025-04-03 15:04:58","date_utc":"2025-04-03 12:04:58","modified":"2025-04-03 15:04:58","modified_utc":"2025-04-03 12:04:58","url":"https:\/\/vnb.lt\/en\/organizatorius\/veranda\/","organizer":"veranda","slug":"veranda","phone":"+37068501477","email":"info@veranda.lt","json_ld":{"@type":"Person","name":"veranda","description":"","url":"","telephone":"+37068501477","email":"info&#64;&#118;e&#114;&#97;&#110;da.&#108;t","sameAs":""},"global_id":"vnb.lt\/en?id=5612","global_id_lineage":["vnb.lt\/en?id=5612"]}],"custom_fields":[],"json_ld":{"@context":"http:\/\/schema.org","@type":"Event","name":"\u2022 D\u017eiazas po atviru dangumi \u2022 JAZZ DUO \u2022 Greta Ratovi\u010d (vokalas), Edgar Sabilo (pianinas)","description":"&lt;p&gt;\u2022 VERANDA \u2013 20 met\u0173 gero skonio ir d\u017eiazo! \u2022 Jei d\u017eiazas, tai tik gyvas! Jau 20 met\u0173 \u017ealiuojan\u010diame \u017dv\u0117ryne laukiame vis\u0173, gyvenime pasiilgusi\u0173 d\u017eiazo arba gyvenan\u010di\u0173 d\u017eiazo ritmu. Svetain\u0117je-bare [&hellip;]&lt;\/p&gt;\\n","image":"https:\/\/vnb.lt\/wp-content\/uploads\/2025\/07\/07.04.jpg","url":"https:\/\/vnb.lt\/en\/renginys\/dziazas-po-atviru-dangumi-jazz-duo-greta-ratovic-vokalas-edgar-sabilo-pianinas\/","eventAttendanceMode":"https:\/\/schema.org\/OfflineEventAttendanceMode","eventStatus":"https:\/\/schema.org\/EventScheduled","startDate":"2025-07-04T20:00:00+03:00","endDate":"2025-07-04T22:00:00+03:00","location":{"@type":"Place","name":"VERANDA","description":"&lt;p&gt;Jei d\u017eiazas, tai tik gyvas! Gyvai d\u017eiazuojame kiekvien\u0105 antradien\u012f, penktadien\u012f ir \u0161e\u0161tadien\u012f jau nuo 2005 m. Savaitgaliais laukiame vis\u0173, gyvenime pasiilgusi\u0173 d\u017eiazo, arba gyvenan\u010di\u0173 d\u017eiazo ritmu. VERANDA. 20 met\u0173 gero [&hellip;]&lt;\/p&gt;\\n","image":"https:\/\/vnb.lt\/wp-content\/uploads\/2025\/11\/Veranda_dainykla-scaled.jpg","url":"https:\/\/vnb.lt\/en\/dainykla\/svetaines-baro-veranda-dziazuojantis-zverynas\/","address":{"@type":"PostalAddress","streetAddress":"K\u0119stu\u010dio g. 39","addressLocality":"Vilnius","addressCountry":"Lietuva"},"geo":{"@type":"GeoCoordinates","latitude":54.693862,"longitude":25.2510404},"telephone":"+370 5 2730107","sameAs":""},"organizer":{"@type":"Person","name":"veranda","description":"","url":"","telephone":"+37068501477","email":"&#105;&#110;fo&#64;&#118;e&#114;&#97;n&#100;a.&#108;t","sameAs":""},"performer":"Organization"},"is_virtual":false,"virtual_url":null,"virtual_video_source":""}