{"id":17448,"global_id":"vnb.lt\/en?id=17448","global_id_lineage":["vnb.lt\/en?id=17448"],"author":"25","status":"publish","date":"2025-11-03 16:01:19","date_utc":"2025-11-03 14:01:19","modified":"2025-11-03 16:01:19","modified_utc":"2025-11-03 14:01:19","url":"https:\/\/vnb.lt\/en\/renginys\/kapela-kotra-folkmuzikos-ir-sokiu-vakaras\/","rest_url":"https:\/\/vnb.lt\/en\/wp-json\/tribe\/events\/v1\/events\/17448","title":"Kapela Kotra: folkmuzikos ir \u0161oki\u0173 vakaras","description":"<p>(English below for our international friends)<br \/>\nKapela Kotra lapkri\u010dio 12 d., tre\u010diadien\u012f, kvie\u010dia visus \u012f folkmuzikos ir \u0161oki\u0173 \u0161vent\u0119 Miesto Laboratorijoje! \u012e\u0117jimas nemokamas, ta\u010diau rekomenduojama 5 eur\u0173 auka.<\/p>\n<p>\u201eKapela Kotra\u201c \u2013 tai Vilniuje \u012fsik\u016brusi baltarusi\u0173 ir austral\u0173 liaudies muzikos grup\u0117, atliekanti tradicin\u0119 instrumentin\u0119 ir vokalin\u0119 muzik\u0105 i\u0161 Baltarusijos, Ukrainos, Lietuvos ir Lenkijos, skirt\u0105 klausytis ir \u0161okti. \u201eKapela Kotra\u201c dirba su XX a. prad\u017eios lauko \u012fra\u0161\u0173 repertuaru, aran\u017euodama \u0161ias senas melodijas taip, kad i\u0161saugot\u0173 istorin\u0119 autenti\u0161kum\u0105, bet kartu pateikt\u0173 \u0161vie\u017ei\u0105, gyv\u0105 interpretacij\u0105.<br \/>\nDabartinis grup\u0117s projektas \u2013 Baltarusijos litvak\u0173 muzikos, \u012fra\u0161ytos Sofijos Magid, Susmano Kiselgofo ir Inos Nazinos etnomuzikologin\u0117se kolekcijose, tyrimas, interpretacija, aran\u017eavimas ir atlikimas.<\/p>\n<p>Pasiklausykite:<br \/>\nhttps:\/\/www.instagram.com\/kapelakotra\/<br \/>\nhttps:\/\/www.youtube.com\/channel\/UCvdfQEtmPCx0zTPXhiZbPhA<br \/>\nLaukiame vis\u0173!<\/p>\n<p>Durys \u2013 18:45 val., koncerto prad\u017eia \u2013 19.15 val.<\/p>\n<p>\u0160is renginys yra Miesto laboratorijos Dainyklos dalis. Dainyklos projekt\u0105 finansuoja Vilniaus miesto savivaldyb\u0117.<br \/>\n&#8211; &#8211; &#8211; &#8211; &#8211; &#8211; &#8211; &#8211; &#8211; &#8211; &#8211; &#8211; &#8211; &#8211; &#8211; &#8211; &#8211; &#8211; &#8211; &#8211; &#8211; &#8211; &#8211; &#8211; &#8211; &#8211; &#8211; &#8211; &#8211; &#8211; &#8211; &#8211; &#8211; &#8211;<br \/>\nFor our international friends:<br \/>\nKapela Kotra would like to invite everyone to an autumn celebration of folk music and dance at Miesto Laboratorija, on Wednesday 12th November! Free entry \/ suggested donation \u20ac5.<br \/>\nKapela Kotra is a Vilnius-based Belarusian-Australian folk band performing traditional instrumental and vocal music from Belarus, Ukraine, Lithuania and Poland, for listening and dancing. Kapela Kotra works with repertoire from early 20th century field recordings, arranging these old melodies in a manner that retains historical authenticity whilst presenting a fresh, vibrant interpretation.<br \/>\nThe band\u2019s current project is the research, interpretation, arrangement and performance of Litvak music from present-day Belarus, recorded in the ethnomusicological collections of Sofia Magid, Susman Kiselgof and Ina Nazina.<br \/>\nFollow for more:<br \/>\nhttps:\/\/www.instagram.com\/kapelakotra\/<br \/>\nhttps:\/\/www.youtube.com\/channel\/UCvdfQEtmPCx0zTPXhiZbPhA<\/p>","excerpt":"","slug":"kapela-kotra-folkmuzikos-ir-sokiu-vakaras","image":{"url":"https:\/\/vnb.lt\/wp-content\/uploads\/2025\/11\/Kapela-Kotra-scaled.jpg","id":17450,"extension":"jpg","width":2560,"height":1707,"filesize":897111,"sizes":{"medium":{"width":300,"height":200,"mime-type":"image\/jpeg","filesize":94929,"url":"https:\/\/vnb.lt\/wp-content\/uploads\/2025\/11\/Kapela-Kotra-300x200.jpg"},"large":{"width":1024,"height":683,"mime-type":"image\/jpeg","filesize":224271,"url":"https:\/\/vnb.lt\/wp-content\/uploads\/2025\/11\/Kapela-Kotra-1024x683.jpg"},"thumbnail":{"width":150,"height":150,"mime-type":"image\/jpeg","filesize":85895,"url":"https:\/\/vnb.lt\/wp-content\/uploads\/2025\/11\/Kapela-Kotra-150x150.jpg"},"medium_large":{"width":768,"height":512,"mime-type":"image\/jpeg","filesize":165894,"url":"https:\/\/vnb.lt\/wp-content\/uploads\/2025\/11\/Kapela-Kotra-768x512.jpg"},"1536x1536":{"width":1536,"height":1024,"mime-type":"image\/jpeg","filesize":379421,"url":"https:\/\/vnb.lt\/wp-content\/uploads\/2025\/11\/Kapela-Kotra-1536x1024.jpg"},"2048x2048":{"width":2048,"height":1365,"mime-type":"image\/jpeg","filesize":604009,"url":"https:\/\/vnb.lt\/wp-content\/uploads\/2025\/11\/Kapela-Kotra-2048x1365.jpg"},"trp-custom-language-flag":{"width":18,"height":12,"mime-type":"image\/jpeg","filesize":78186,"url":"https:\/\/vnb.lt\/wp-content\/uploads\/2025\/11\/Kapela-Kotra-18x12.jpg"}},"original_image":"Kapela-Kotra.jpg"},"all_day":false,"start_date":"2025-11-12 19:00:00","start_date_details":{"year":"2025","month":"11","day":"12","hour":"19","minutes":"00","seconds":"00"},"end_date":"2025-11-12 21:00:00","end_date_details":{"year":"2025","month":"11","day":"12","hour":"21","minutes":"00","seconds":"00"},"utc_start_date":"2025-11-12 17:00:00","utc_start_date_details":{"year":"2025","month":"11","day":"12","hour":"17","minutes":"00","seconds":"00"},"utc_end_date":"2025-11-12 19:00:00","utc_end_date_details":{"year":"2025","month":"11","day":"12","hour":"19","minutes":"00","seconds":"00"},"timezone":"Europe\/Vilnius","timezone_abbr":"EET","cost":"","cost_details":{"currency_symbol":"","currency_code":"","currency_position":"","values":[]},"website":"https:\/\/vnb.lt\/en\/renginys\/kapela-kotra-folkmuzikos-ir-sokiu-vakaras\/","show_map":true,"show_map_link":true,"hide_from_listings":false,"sticky":false,"featured":false,"categories":[{"name":"Muzika","slug":"muzika","term_group":0,"term_taxonomy_id":84,"taxonomy":"tribe_events_cat","description":"","parent":0,"count":812,"filter":"raw","term_order":"1","id":84,"urls":{"self":"https:\/\/vnb.lt\/en\/wp-json\/tribe\/events\/v1\/categories\/84","collection":"https:\/\/vnb.lt\/en\/wp-json\/tribe\/events\/v1\/categories"}}],"tags":[],"venue":{"id":6301,"author":"25","status":"publish","date":"2025-04-07 12:18:34","date_utc":"2025-04-07 09:18:34","modified":"2025-04-07 13:22:44","modified_utc":"2025-04-07 10:22:44","url":"https:\/\/vnb.lt\/en\/dainykla\/miesto-laboratorija\/","venue":"Miesto laboratorija","description":"<p>Miesto laboratorija yra Antakalnio dainykla, besivadovaujanti atvirumo ir \u012fvairov\u0117s principais. \u010cia vyksta atviro mikrofono vakarai, pasirodo kviestiniai profesional\u016bs muzikantai, vyktsta vakarai, dedikuoti rajone gyvenantiems muzikantams, erdv\u0119 pasirodyti turi ir student\u0173 bei m\u0117g\u0117j\u0173 kolektyvai, vyksta \u012fvairiausios dainavimo ir muzikavimo dirbtuv\u0117s. I\u0161tisus metus \u010dia \u0161ven\u010diame muzik\u0105 pa\u010diomis \u012fvairiosiomis ir netik\u0117\u010diausiomis formomis.<\/p>","slug":"miesto-laboratorija","image":{"url":"https:\/\/vnb.lt\/wp-content\/uploads\/2025\/04\/FOTO_-Mikas-Macijauskas.jpg","id":6300,"extension":"jpg","width":2200,"height":1467,"filesize":1612273,"sizes":{"medium":{"width":300,"height":200,"mime-type":"image\/jpeg","filesize":19855,"url":"https:\/\/vnb.lt\/wp-content\/uploads\/2025\/04\/FOTO_-Mikas-Macijauskas-300x200.jpg"},"large":{"width":1024,"height":683,"mime-type":"image\/jpeg","filesize":136280,"url":"https:\/\/vnb.lt\/wp-content\/uploads\/2025\/04\/FOTO_-Mikas-Macijauskas-1024x683.jpg"},"thumbnail":{"width":150,"height":150,"mime-type":"image\/jpeg","filesize":8741,"url":"https:\/\/vnb.lt\/wp-content\/uploads\/2025\/04\/FOTO_-Mikas-Macijauskas-150x150.jpg"},"medium_large":{"width":768,"height":512,"mime-type":"image\/jpeg","filesize":87274,"url":"https:\/\/vnb.lt\/wp-content\/uploads\/2025\/04\/FOTO_-Mikas-Macijauskas-768x512.jpg"},"1536x1536":{"width":1536,"height":1024,"mime-type":"image\/jpeg","filesize":255790,"url":"https:\/\/vnb.lt\/wp-content\/uploads\/2025\/04\/FOTO_-Mikas-Macijauskas-1536x1024.jpg"},"2048x2048":{"width":2048,"height":1366,"mime-type":"image\/jpeg","filesize":416448,"url":"https:\/\/vnb.lt\/wp-content\/uploads\/2025\/04\/FOTO_-Mikas-Macijauskas-2048x1366.jpg"}}},"address":"Antakalnio g. 17-13","city":"Vilnius","country":"Lietuva","phone":"061435692","geo_lat":54.700048,"geo_lng":25.3115976,"json_ld":{"@type":"Place","name":"Miesto laboratorija","description":"&lt;p&gt;Miesto laboratorija yra Antakalnio dainykla, besivadovaujanti atvirumo ir \u012fvairov\u0117s principais. \u010cia vyksta atviro mikrofono vakarai, pasirodo kviestiniai profesional\u016bs muzikantai, vyktsta vakarai, dedikuoti rajone gyvenantiems muzikantams, erdv\u0119 pasirodyti turi ir student\u0173 [&hellip;]&lt;\/p&gt;\\n","image":"https:\/\/vnb.lt\/wp-content\/uploads\/2025\/04\/FOTO_-Mikas-Macijauskas.jpg","url":"https:\/\/vnb.lt\/en\/dainykla\/miesto-laboratorija\/","address":{"@type":"PostalAddress","streetAddress":"Antakalnio g. 17-13","addressLocality":"Vilnius","addressCountry":"Lietuva"},"geo":{"@type":"GeoCoordinates","latitude":54.700048,"longitude":25.3115976},"telephone":"061435692","sameAs":""},"show_map":true,"show_map_link":true,"global_id":"vnb.lt\/en?id=6301","global_id_lineage":["vnb.lt\/en?id=6301"]},"organizer":[{"id":5602,"author":"25","status":"publish","date":"2025-04-03 15:02:34","date_utc":"2025-04-03 12:02:34","modified":"2025-04-03 15:02:34","modified_utc":"2025-04-03 12:02:34","url":"https:\/\/vnb.lt\/en\/organizatorius\/miestolaboratorija\/","organizer":"miestolaboratorija","slug":"miestolaboratorija","phone":"061435692","email":"labas@miestolaboratorija.lt","json_ld":{"@type":"Person","name":"miestolaboratorija","description":"","url":"","telephone":"061435692","email":"l&#97;bas&#64;mi&#101;s&#116;&#111;&#108;a&#98;o&#114;&#97;&#116;&#111;r&#105;&#106;&#97;&#46;lt","sameAs":""},"global_id":"vnb.lt\/en?id=5602","global_id_lineage":["vnb.lt\/en?id=5602"]}],"custom_fields":[],"json_ld":{"@context":"http:\/\/schema.org","@type":"Event","name":"Kapela Kotra: folkmuzikos ir \u0161oki\u0173 vakaras","description":"&lt;p&gt;(English below for our international friends) Kapela Kotra lapkri\u010dio 12 d., tre\u010diadien\u012f, kvie\u010dia visus \u012f folkmuzikos ir \u0161oki\u0173 \u0161vent\u0119 Miesto Laboratorijoje! \u012e\u0117jimas nemokamas, ta\u010diau rekomenduojama 5 eur\u0173 auka. \u201eKapela Kotra\u201c [&hellip;]&lt;\/p&gt;\\n","image":"https:\/\/vnb.lt\/wp-content\/uploads\/2025\/11\/Kapela-Kotra-scaled.jpg","url":"https:\/\/vnb.lt\/en\/renginys\/kapela-kotra-folkmuzikos-ir-sokiu-vakaras\/","eventAttendanceMode":"https:\/\/schema.org\/OfflineEventAttendanceMode","eventStatus":"https:\/\/schema.org\/EventScheduled","startDate":"2025-11-12T19:00:00+02:00","endDate":"2025-11-12T21:00:00+02:00","location":{"@type":"Place","name":"Miesto laboratorija","description":"&lt;p&gt;Miesto laboratorija yra Antakalnio dainykla, besivadovaujanti atvirumo ir \u012fvairov\u0117s principais. \u010cia vyksta atviro mikrofono vakarai, pasirodo kviestiniai profesional\u016bs muzikantai, vyktsta vakarai, dedikuoti rajone gyvenantiems muzikantams, erdv\u0119 pasirodyti turi ir student\u0173 [&hellip;]&lt;\/p&gt;\\n","image":"https:\/\/vnb.lt\/wp-content\/uploads\/2025\/04\/FOTO_-Mikas-Macijauskas.jpg","url":"https:\/\/vnb.lt\/en\/dainykla\/miesto-laboratorija\/","address":{"@type":"PostalAddress","streetAddress":"Antakalnio g. 17-13","addressLocality":"Vilnius","addressCountry":"Lietuva"},"geo":{"@type":"GeoCoordinates","latitude":54.700048,"longitude":25.3115976},"telephone":"061435692","sameAs":""},"organizer":{"@type":"Person","name":"miestolaboratorija","description":"","url":"","telephone":"061435692","email":"&#108;aba&#115;&#64;&#109;&#105;est&#111;l&#97;&#98;&#111;&#114;&#97;t&#111;rija.l&#116;","sameAs":""},"performer":"Organization"},"is_virtual":false,"virtual_url":null,"virtual_video_source":""}